{"id":10354,"date":"2023-04-27T11:38:37","date_gmt":"2023-04-27T09:38:37","guid":{"rendered":"https:\/\/bastille-grenoble.fr\/?p=10354"},"modified":"2025-02-11T18:56:21","modified_gmt":"2025-02-11T17:56:21","slug":"our-eco-responsible-commitments-water-eco-washing-of-cable-car-cabins","status":"publish","type":"post","link":"https:\/\/bastille-grenoble.fr\/en\/our-eco-responsible-commitments-water-eco-washing-of-cable-car-cabins\/","title":{"rendered":"Our eco responsible commitments \u2013 Water \u2013 Eco-washing of cable car cabins"},"content":{"rendered":"<p><strong><span style=\"color: #dc1c2f;\">The R\u00e9gie du T\u00e9l\u00e9ph\u00e9rique is in charge of the maintenance of the cable car but also the cleaning of the cable car cabins.<\/span><\/strong><\/p>\n<p>This cleaning is done once or twice a week, depending on the season, and concerns both the interior and the exterior. The most effective technique is to use water, soap and elbow grease! Each service is done in a reasoned way to preserve water resources, especially in periods of high heat and drought!<\/p>\n<p><img loading=\"lazy\" decoding=\"async\" class=\"aligncenter size-large wp-image-10336\" src=\"https:\/\/bastille-grenoble.fr\/wp\/wp-content\/uploads\/2023\/04\/entretien-journalier-1536x1024.jpg\" alt=\"\" width=\"686\" height=\"457\" \/><\/p>\n<p><img loading=\"lazy\" decoding=\"async\" class=\"aligncenter size-large wp-image-10340\" src=\"https:\/\/bastille-grenoble.fr\/wp\/wp-content\/uploads\/2023\/04\/cuve-G1-768x1024.jpeg\" alt=\"\" width=\"686\" height=\"915\" \/><\/p>\n<p><span style=\"color: #dc1c2f;\"><strong>From reasoned cleaning to Eco-washing:<\/strong><\/span><\/p>\n<p>To go beyond this good conduct, the cable car management has installed since January 2023, in the lower station of the cable car, a water recovery tank, in order to collect rainwater from the roof of the station.<br \/>\nLocated in the old elevator machinery, this tank has a capacity of 1300 liters and allows 2 to 3 weeks of washing when it is full. This installation was equipped with a heating cord to use this system even in periods of frost.<\/p>\n<p>Patricia Gallois, director of the cable car, specifies: \u201c<em>According to the rainfall over the past 5 years and our calculations with a recovery surface on the roof of 180 m<sup>2<\/sup>, we should be able to use this recycling all of the year! Water is a precious, we must be responsible in its use.<\/em>\u00bb<\/p>\n<p style=\"text-align: center;\"><strong>Did you know?<\/strong><\/p>\n<p style=\"display: inline !important; text-align: center;\">According to Grenoble European Green Capital 2022, the R\u00e9gie du T\u00e9l\u00e9ph\u00e9rique communicated monthly throughout the year on its eco-commitments, and in particular on the theme of <a href=\"https:\/\/bastille-grenoble.fr\/nos-eco-engagements-eau\/\">water in July 2002\u00a0<\/a>.<\/p>\n","protected":false},"excerpt":{"rendered":"<p>The R\u00e9gie du T\u00e9l\u00e9ph\u00e9rique is in charge of the maintenance of the cable car but also the cleaning of the cable car cabins. This cleaning is done once or twice a week, depending on the season, and concerns both the interior and the exterior. The most effective technique is to use water, soap and elbow [&hellip;]<\/p>\n","protected":false},"author":1,"featured_media":15383,"comment_status":"closed","ping_status":"closed","sticky":false,"template":"","format":"standard","meta":{"_acf_changed":false,"footnotes":""},"categories":[1],"tags":[],"class_list":["post-10354","post","type-post","status-publish","format-standard","has-post-thumbnail","hentry","category-non-classifiee"],"acf":[],"_links":{"self":[{"href":"https:\/\/bastille-grenoble.fr\/en\/wp-json\/wp\/v2\/posts\/10354","targetHints":{"allow":["GET"]}}],"collection":[{"href":"https:\/\/bastille-grenoble.fr\/en\/wp-json\/wp\/v2\/posts"}],"about":[{"href":"https:\/\/bastille-grenoble.fr\/en\/wp-json\/wp\/v2\/types\/post"}],"author":[{"embeddable":true,"href":"https:\/\/bastille-grenoble.fr\/en\/wp-json\/wp\/v2\/users\/1"}],"replies":[{"embeddable":true,"href":"https:\/\/bastille-grenoble.fr\/en\/wp-json\/wp\/v2\/comments?post=10354"}],"version-history":[{"count":2,"href":"https:\/\/bastille-grenoble.fr\/en\/wp-json\/wp\/v2\/posts\/10354\/revisions"}],"predecessor-version":[{"id":15370,"href":"https:\/\/bastille-grenoble.fr\/en\/wp-json\/wp\/v2\/posts\/10354\/revisions\/15370"}],"wp:featuredmedia":[{"embeddable":true,"href":"https:\/\/bastille-grenoble.fr\/en\/wp-json\/wp\/v2\/media\/15383"}],"wp:attachment":[{"href":"https:\/\/bastille-grenoble.fr\/en\/wp-json\/wp\/v2\/media?parent=10354"}],"wp:term":[{"taxonomy":"category","embeddable":true,"href":"https:\/\/bastille-grenoble.fr\/en\/wp-json\/wp\/v2\/categories?post=10354"},{"taxonomy":"post_tag","embeddable":true,"href":"https:\/\/bastille-grenoble.fr\/en\/wp-json\/wp\/v2\/tags?post=10354"}],"curies":[{"name":"wp","href":"https:\/\/api.w.org\/{rel}","templated":true}]}}